

{"id":4374,"date":"2020-03-14T10:40:20","date_gmt":"2020-03-14T10:40:20","guid":{"rendered":"https:\/\/www.autobuseslaunion.com\/?p=4374"},"modified":"2020-03-14T10:42:40","modified_gmt":"2020-03-14T10:42:40","slug":"protocolo-de-actuacion-de-la-ate-en-el-transporte-regular-publico-de-viajeros","status":"publish","type":"post","link":"https:\/\/www.autobuseslaunion.com\/eu\/protocolo-de-actuacion-de-la-ate-en-el-transporte-regular-publico-de-viajeros\/","title":{"rendered":"Protocolo de actuaci\u00f3n de la ATE en el transporte regular p\u00fablico de viajeros."},"content":{"rendered":"<p>Desde el pr\u00f3ximo lunes d\u00eda 16 de Marzo y como consecuencia del anuncio del estado de emergencia declarado en Euskadi y\u00a0 de Estado de Alarma en el territorio nacional, la ATE ha desarrollado un protocolo de actuaci\u00f3n en el transporte regular p\u00fablico de viajeros.<\/p>\n<p><strong>TEMAS A TENER EN CUENTA EN LA L\u00cdNEA BILBAO-VITORIA Y BILBAO-PAMPLONA<\/strong><\/p>\n<p>Las principales medidas y requerimientos de obligado cumplimiento social para todos los\/las\u00a0 \u00a0viajeros \/ras suponen el adoptar las siguientes medidas:<\/p>\n<ol>\n<li>Se suspende la venta de billete ocasional o cancelaci\u00f3n de tarjeta en el Autobus<\/li>\n<li>Se suspende la utilizaci\u00f3n de dinero efectivo para la compra de billete en cualquier medio que pueda intervenir personal<\/li>\n<li>El viajero\/ra por tanto se deber\u00e1 personar en el autob\u00fas con el billete f\u00edsico o soporte digital del mismo. No se admitir\u00e1 a ning\u00fan viajero\/ra sin billete. Para ello se ha previsto la apertura de venta anticipada para todos los servicios tanto en las m\u00e1rgenes en taquilla e internet.<\/li>\n<li>Para acceder al autob\u00fas:\n<ol>\n<li>Est\u00e1 prohibida la utilizaci\u00f3n de la puerta delantera. Todas las maniobras de subir o bajar se realizar\u00e1n por la puerta trasera<\/li>\n<li>Para acceder, cada viajero\/ra mostrar\u00e1 su billete por el cristal de la puerta delantera al personal de conducci\u00f3n quien dar\u00e1 permiso para subir por detr\u00e1s<\/li>\n<\/ol>\n<\/li>\n<\/ol>\n<p>Es importante que los\/las viajeros\/ras de bono saquen los billetes con antelaci\u00f3n ya que a partir del martes 17 no podr\u00e1n viajar sin el billete sacado.<\/p>\n<p>Se informa que las dos primeras filas de asientos quedan suprimidas como medida de protecci\u00f3n y aislamiento para el conductor.<\/p>\n<p><strong>TEMAS A TENER EN CUENTA EN LINEAS AYALA, DURANGO Y MIRANDA<\/strong><\/p>\n<p>Las principales medidas y requerimientos de obligado cumplimiento social para todos los\/las viajeros\/ras suponen el adoptar las siguientes medidas:<\/p>\n<ol>\n<li>Se suspende la venta de billete ocasional.<\/li>\n<li>Se suspende la utilizaci\u00f3n de dinero efectivo para la compra de billete en cualquier medio que pueda intervenir personal.<\/li>\n<li>El\/la viajero\/ra por tanto se deber\u00e1 personar en el autob\u00fas con el billete f\u00edsico o soporte digital del mismo. Para ello se ha previsto la apertura de venta anticipada para todos los servicios en taquilla e internet.<\/li>\n<li>Los usuarios con tarjeta BAT o Bono Burundesa, acceder\u00e1n por la puerta delantera hasta el primer pelda\u00f1o y cancelar\u00e1n la tarjeta BAT o Bono Burundesa y se bajar\u00e1n para acceder al autob\u00fas por la puerta trasera.<\/li>\n<li>Para acceder al autob\u00fas:\n<ol>\n<li>Est\u00e1 prohibida la utilizaci\u00f3n de la puerta delantera. Todas las maniobras de subir o bajar se realizar\u00e1n por la puerta trasera<\/li>\n<li>Para acceder, cada viajero\/ra mostrar\u00e1 su billete por el cristal de la puerta delantera al conductor quien dar\u00e1 permiso para subir por detr\u00e1s<\/li>\n<\/ol>\n<\/li>\n<\/ol>\n<p>Se informa que las dos primeras filas de asientos quedan suprimidas como medida de protecci\u00f3n y aislamiento para el personal de conducci\u00f3n.<\/p>\n","protected":false},"excerpt":{"rendered":"<p>Desde el pr\u00f3ximo lunes d\u00eda 16 de Marzo y como consecuencia del anuncio del estado de emergencia declarado en Euskadi y\u00a0 de Estado de Alarma en el territorio nacional, la ATE ha desarrollado un protocolo de actuaci\u00f3n en el transporte regular p\u00fablico de viajeros. TEMAS A TENER EN CUENTA EN LA L\u00cdNEA BILBAO-VITORIA Y BILBAO-PAMPLONA<\/p>\n","protected":false},"author":1,"featured_media":3514,"comment_status":"closed","ping_status":"closed","sticky":false,"template":"","format":"standard","meta":{"footnotes":""},"categories":[24],"tags":[],"class_list":["post-4374","post","type-post","status-publish","format-standard","has-post-thumbnail","hentry","category-noticias"],"yoast_head":"<!-- This site is optimized with the Yoast SEO plugin v27.5 - https:\/\/yoast.com\/product\/yoast-seo-wordpress\/ -->\r\n<title>Protocolo actuaci\u00f3n ATE - Autobuses la Uni\u00f3n<\/title>\r\n<meta name=\"description\" content=\"Desde el pr\u00f3ximo lunes d\u00eda 16 de Marzo y como consecuencia del anuncio del estado de emergencia declarado en Euskadi y\u00a0 de Estado de Alarma en el territorio nacional, la ATE ha desarrollado un protocolo de actuaci\u00f3n en el transporte regular p\u00fablico de viajeros.\" \/>\r\n<meta name=\"robots\" content=\"index, follow, max-snippet:-1, max-image-preview:large, max-video-preview:-1\" \/>\r\n<link rel=\"canonical\" href=\"https:\/\/www.autobuseslaunion.com\/protocolo-de-actuacion-de-la-ate-en-el-transporte-regular-publico-de-viajeros\/\" \/>\r\n<meta property=\"og:locale\" content=\"eu_ES\" \/>\r\n<meta property=\"og:type\" content=\"article\" \/>\r\n<meta property=\"og:title\" content=\"Protocolo actuaci\u00f3n ATE - Autobuses la Uni\u00f3n\" \/>\r\n<meta property=\"og:description\" content=\"Desde el pr\u00f3ximo lunes d\u00eda 16 de Marzo y como consecuencia del anuncio del estado de emergencia declarado en Euskadi y\u00a0 de Estado de Alarma en el territorio nacional, la ATE ha desarrollado un protocolo de actuaci\u00f3n en el transporte regular p\u00fablico de viajeros.\" \/>\r\n<meta property=\"og:url\" content=\"https:\/\/www.autobuseslaunion.com\/protocolo-de-actuacion-de-la-ate-en-el-transporte-regular-publico-de-viajeros\/\" \/>\r\n<meta property=\"og:site_name\" content=\"Autobuses la Uni\u00f3n\" \/>\r\n<meta property=\"article:publisher\" content=\"https:\/\/www.facebook.com\/AutobusesLaUnion\" \/>\r\n<meta property=\"article:published_time\" content=\"2020-03-14T10:40:20+00:00\" \/>\r\n<meta property=\"article:modified_time\" content=\"2020-03-14T10:42:40+00:00\" \/>\r\n<meta property=\"og:image\" content=\"https:\/\/www.autobuseslaunion.com\/wp-content\/uploads\/2019\/03\/Alquiler-autobuses.png\" \/>\r\n\t<meta property=\"og:image:width\" content=\"768\" \/>\r\n\t<meta property=\"og:image:height\" content=\"513\" \/>\r\n\t<meta property=\"og:image:type\" content=\"image\/png\" \/>\r\n<meta name=\"author\" content=\"Autobuses La Union\" \/>\r\n<meta name=\"twitter:card\" content=\"summary_large_image\" \/>\r\n<meta name=\"twitter:creator\" content=\"@BusesLaUnion\" \/>\r\n<meta name=\"twitter:site\" content=\"@BusesLaUnion\" \/>\r\n<meta name=\"twitter:label1\" content=\"Written by\" \/>\n\t<meta name=\"twitter:data1\" content=\"Autobuses La Union\" \/>\n\t<meta name=\"twitter:label2\" content=\"Est. reading time\" \/>\n\t<meta name=\"twitter:data2\" content=\"2 minutes\" \/>\r\n<script type=\"application\/ld+json\" class=\"yoast-schema-graph\">{\"@context\":\"https:\\\/\\\/schema.org\",\"@graph\":[{\"@type\":\"Article\",\"@id\":\"https:\\\/\\\/www.autobuseslaunion.com\\\/protocolo-de-actuacion-de-la-ate-en-el-transporte-regular-publico-de-viajeros\\\/#article\",\"isPartOf\":{\"@id\":\"https:\\\/\\\/www.autobuseslaunion.com\\\/protocolo-de-actuacion-de-la-ate-en-el-transporte-regular-publico-de-viajeros\\\/\"},\"author\":{\"name\":\"Autobuses La Union\",\"@id\":\"https:\\\/\\\/www.autobuseslaunion.com\\\/#\\\/schema\\\/person\\\/0d1590cc36a42f1af1da67380483d22d\"},\"headline\":\"Protocolo de actuaci\u00f3n de la ATE en el transporte regular p\u00fablico de viajeros.\",\"datePublished\":\"2020-03-14T10:40:20+00:00\",\"dateModified\":\"2020-03-14T10:42:40+00:00\",\"mainEntityOfPage\":{\"@id\":\"https:\\\/\\\/www.autobuseslaunion.com\\\/protocolo-de-actuacion-de-la-ate-en-el-transporte-regular-publico-de-viajeros\\\/\"},\"wordCount\":509,\"publisher\":{\"@id\":\"https:\\\/\\\/www.autobuseslaunion.com\\\/#organization\"},\"image\":{\"@id\":\"https:\\\/\\\/www.autobuseslaunion.com\\\/protocolo-de-actuacion-de-la-ate-en-el-transporte-regular-publico-de-viajeros\\\/#primaryimage\"},\"thumbnailUrl\":\"https:\\\/\\\/www.autobuseslaunion.com\\\/wp-content\\\/uploads\\\/2019\\\/03\\\/Alquiler-autobuses.png\",\"articleSection\":[\"Noticias\"],\"inLanguage\":\"eu-ES\"},{\"@type\":\"WebPage\",\"@id\":\"https:\\\/\\\/www.autobuseslaunion.com\\\/protocolo-de-actuacion-de-la-ate-en-el-transporte-regular-publico-de-viajeros\\\/\",\"url\":\"https:\\\/\\\/www.autobuseslaunion.com\\\/protocolo-de-actuacion-de-la-ate-en-el-transporte-regular-publico-de-viajeros\\\/\",\"name\":\"Protocolo actuaci\u00f3n ATE - Autobuses la Uni\u00f3n\",\"isPartOf\":{\"@id\":\"https:\\\/\\\/www.autobuseslaunion.com\\\/#website\"},\"primaryImageOfPage\":{\"@id\":\"https:\\\/\\\/www.autobuseslaunion.com\\\/protocolo-de-actuacion-de-la-ate-en-el-transporte-regular-publico-de-viajeros\\\/#primaryimage\"},\"image\":{\"@id\":\"https:\\\/\\\/www.autobuseslaunion.com\\\/protocolo-de-actuacion-de-la-ate-en-el-transporte-regular-publico-de-viajeros\\\/#primaryimage\"},\"thumbnailUrl\":\"https:\\\/\\\/www.autobuseslaunion.com\\\/wp-content\\\/uploads\\\/2019\\\/03\\\/Alquiler-autobuses.png\",\"datePublished\":\"2020-03-14T10:40:20+00:00\",\"dateModified\":\"2020-03-14T10:42:40+00:00\",\"description\":\"Desde el pr\u00f3ximo lunes d\u00eda 16 de Marzo y como consecuencia del anuncio del estado de emergencia declarado en Euskadi y\u00a0 de Estado de Alarma en el territorio nacional, la ATE ha desarrollado un protocolo de actuaci\u00f3n en el transporte regular p\u00fablico de viajeros.\",\"breadcrumb\":{\"@id\":\"https:\\\/\\\/www.autobuseslaunion.com\\\/protocolo-de-actuacion-de-la-ate-en-el-transporte-regular-publico-de-viajeros\\\/#breadcrumb\"},\"inLanguage\":\"eu-ES\",\"potentialAction\":[{\"@type\":\"ReadAction\",\"target\":[\"https:\\\/\\\/www.autobuseslaunion.com\\\/protocolo-de-actuacion-de-la-ate-en-el-transporte-regular-publico-de-viajeros\\\/\"]}]},{\"@type\":\"ImageObject\",\"inLanguage\":\"eu-ES\",\"@id\":\"https:\\\/\\\/www.autobuseslaunion.com\\\/protocolo-de-actuacion-de-la-ate-en-el-transporte-regular-publico-de-viajeros\\\/#primaryimage\",\"url\":\"https:\\\/\\\/www.autobuseslaunion.com\\\/wp-content\\\/uploads\\\/2019\\\/03\\\/Alquiler-autobuses.png\",\"contentUrl\":\"https:\\\/\\\/www.autobuseslaunion.com\\\/wp-content\\\/uploads\\\/2019\\\/03\\\/Alquiler-autobuses.png\",\"width\":768,\"height\":513,\"caption\":\"Autobusen alokairua\"},{\"@type\":\"BreadcrumbList\",\"@id\":\"https:\\\/\\\/www.autobuseslaunion.com\\\/protocolo-de-actuacion-de-la-ate-en-el-transporte-regular-publico-de-viajeros\\\/#breadcrumb\",\"itemListElement\":[{\"@type\":\"ListItem\",\"position\":1,\"name\":\"Portada\",\"item\":\"https:\\\/\\\/www.autobuseslaunion.com\\\/eu\\\/\"},{\"@type\":\"ListItem\",\"position\":2,\"name\":\"Protocolo de actuaci\u00f3n de la ATE en el transporte regular p\u00fablico de viajeros.\"}]},{\"@type\":\"WebSite\",\"@id\":\"https:\\\/\\\/www.autobuseslaunion.com\\\/#website\",\"url\":\"https:\\\/\\\/www.autobuseslaunion.com\\\/\",\"name\":\"Autobuses la Uni\u00f3n\",\"description\":\"\",\"publisher\":{\"@id\":\"https:\\\/\\\/www.autobuseslaunion.com\\\/#organization\"},\"potentialAction\":[{\"@type\":\"SearchAction\",\"target\":{\"@type\":\"EntryPoint\",\"urlTemplate\":\"https:\\\/\\\/www.autobuseslaunion.com\\\/?s={search_term_string}\"},\"query-input\":{\"@type\":\"PropertyValueSpecification\",\"valueRequired\":true,\"valueName\":\"search_term_string\"}}],\"inLanguage\":\"eu-ES\"},{\"@type\":\"Organization\",\"@id\":\"https:\\\/\\\/www.autobuseslaunion.com\\\/#organization\",\"name\":\"Autobuses la Uni\u00f3n\",\"url\":\"https:\\\/\\\/www.autobuseslaunion.com\\\/\",\"logo\":{\"@type\":\"ImageObject\",\"inLanguage\":\"eu-ES\",\"@id\":\"https:\\\/\\\/www.autobuseslaunion.com\\\/#\\\/schema\\\/logo\\\/image\\\/\",\"url\":\"https:\\\/\\\/www.autobuseslaunion.com\\\/wp-content\\\/uploads\\\/2025\\\/04\\\/launion.png\",\"contentUrl\":\"https:\\\/\\\/www.autobuseslaunion.com\\\/wp-content\\\/uploads\\\/2025\\\/04\\\/launion.png\",\"width\":717,\"height\":276,\"caption\":\"Autobuses la Uni\u00f3n\"},\"image\":{\"@id\":\"https:\\\/\\\/www.autobuseslaunion.com\\\/#\\\/schema\\\/logo\\\/image\\\/\"},\"sameAs\":[\"https:\\\/\\\/www.facebook.com\\\/AutobusesLaUnion\",\"https:\\\/\\\/x.com\\\/BusesLaUnion\",\"https:\\\/\\\/www.instagram.com\\\/autobuseslaunion\\\/\"]},{\"@type\":\"Person\",\"@id\":\"https:\\\/\\\/www.autobuseslaunion.com\\\/#\\\/schema\\\/person\\\/0d1590cc36a42f1af1da67380483d22d\",\"name\":\"Autobuses La Union\",\"image\":{\"@type\":\"ImageObject\",\"inLanguage\":\"eu-ES\",\"@id\":\"https:\\\/\\\/secure.gravatar.com\\\/avatar\\\/c517605051e887a00082b7c20298984e3d369456fdd33ee81acb3c7514db8be7?s=96&d=mm&r=g\",\"url\":\"https:\\\/\\\/secure.gravatar.com\\\/avatar\\\/c517605051e887a00082b7c20298984e3d369456fdd33ee81acb3c7514db8be7?s=96&d=mm&r=g\",\"contentUrl\":\"https:\\\/\\\/secure.gravatar.com\\\/avatar\\\/c517605051e887a00082b7c20298984e3d369456fdd33ee81acb3c7514db8be7?s=96&d=mm&r=g\",\"caption\":\"Autobuses La Union\"},\"url\":\"https:\\\/\\\/www.autobuseslaunion.com\\\/eu\\\/author\\\/admin_union\\\/\"}]}<\/script>\r\n<!-- \/ Yoast SEO plugin. -->","yoast_head_json":{"title":"Protocolo actuaci\u00f3n ATE - Autobuses la Uni\u00f3n","description":"Desde el pr\u00f3ximo lunes d\u00eda 16 de Marzo y como consecuencia del anuncio del estado de emergencia declarado en Euskadi y\u00a0 de Estado de Alarma en el territorio nacional, la ATE ha desarrollado un protocolo de actuaci\u00f3n en el transporte regular p\u00fablico de viajeros.","robots":{"index":"index","follow":"follow","max-snippet":"max-snippet:-1","max-image-preview":"max-image-preview:large","max-video-preview":"max-video-preview:-1"},"canonical":"https:\/\/www.autobuseslaunion.com\/protocolo-de-actuacion-de-la-ate-en-el-transporte-regular-publico-de-viajeros\/","og_locale":"eu_ES","og_type":"article","og_title":"Protocolo actuaci\u00f3n ATE - Autobuses la Uni\u00f3n","og_description":"Desde el pr\u00f3ximo lunes d\u00eda 16 de Marzo y como consecuencia del anuncio del estado de emergencia declarado en Euskadi y\u00a0 de Estado de Alarma en el territorio nacional, la ATE ha desarrollado un protocolo de actuaci\u00f3n en el transporte regular p\u00fablico de viajeros.","og_url":"https:\/\/www.autobuseslaunion.com\/protocolo-de-actuacion-de-la-ate-en-el-transporte-regular-publico-de-viajeros\/","og_site_name":"Autobuses la Uni\u00f3n","article_publisher":"https:\/\/www.facebook.com\/AutobusesLaUnion","article_published_time":"2020-03-14T10:40:20+00:00","article_modified_time":"2020-03-14T10:42:40+00:00","og_image":[{"width":768,"height":513,"url":"https:\/\/www.autobuseslaunion.com\/wp-content\/uploads\/2019\/03\/Alquiler-autobuses.png","type":"image\/png"}],"author":"Autobuses La Union","twitter_card":"summary_large_image","twitter_creator":"@BusesLaUnion","twitter_site":"@BusesLaUnion","twitter_misc":{"Written by":"Autobuses La Union","Est. reading time":"2 minutes"},"schema":{"@context":"https:\/\/schema.org","@graph":[{"@type":"Article","@id":"https:\/\/www.autobuseslaunion.com\/protocolo-de-actuacion-de-la-ate-en-el-transporte-regular-publico-de-viajeros\/#article","isPartOf":{"@id":"https:\/\/www.autobuseslaunion.com\/protocolo-de-actuacion-de-la-ate-en-el-transporte-regular-publico-de-viajeros\/"},"author":{"name":"Autobuses La Union","@id":"https:\/\/www.autobuseslaunion.com\/#\/schema\/person\/0d1590cc36a42f1af1da67380483d22d"},"headline":"Protocolo de actuaci\u00f3n de la ATE en el transporte regular p\u00fablico de viajeros.","datePublished":"2020-03-14T10:40:20+00:00","dateModified":"2020-03-14T10:42:40+00:00","mainEntityOfPage":{"@id":"https:\/\/www.autobuseslaunion.com\/protocolo-de-actuacion-de-la-ate-en-el-transporte-regular-publico-de-viajeros\/"},"wordCount":509,"publisher":{"@id":"https:\/\/www.autobuseslaunion.com\/#organization"},"image":{"@id":"https:\/\/www.autobuseslaunion.com\/protocolo-de-actuacion-de-la-ate-en-el-transporte-regular-publico-de-viajeros\/#primaryimage"},"thumbnailUrl":"https:\/\/www.autobuseslaunion.com\/wp-content\/uploads\/2019\/03\/Alquiler-autobuses.png","articleSection":["Noticias"],"inLanguage":"eu-ES"},{"@type":"WebPage","@id":"https:\/\/www.autobuseslaunion.com\/protocolo-de-actuacion-de-la-ate-en-el-transporte-regular-publico-de-viajeros\/","url":"https:\/\/www.autobuseslaunion.com\/protocolo-de-actuacion-de-la-ate-en-el-transporte-regular-publico-de-viajeros\/","name":"Protocolo actuaci\u00f3n ATE - Autobuses la Uni\u00f3n","isPartOf":{"@id":"https:\/\/www.autobuseslaunion.com\/#website"},"primaryImageOfPage":{"@id":"https:\/\/www.autobuseslaunion.com\/protocolo-de-actuacion-de-la-ate-en-el-transporte-regular-publico-de-viajeros\/#primaryimage"},"image":{"@id":"https:\/\/www.autobuseslaunion.com\/protocolo-de-actuacion-de-la-ate-en-el-transporte-regular-publico-de-viajeros\/#primaryimage"},"thumbnailUrl":"https:\/\/www.autobuseslaunion.com\/wp-content\/uploads\/2019\/03\/Alquiler-autobuses.png","datePublished":"2020-03-14T10:40:20+00:00","dateModified":"2020-03-14T10:42:40+00:00","description":"Desde el pr\u00f3ximo lunes d\u00eda 16 de Marzo y como consecuencia del anuncio del estado de emergencia declarado en Euskadi y\u00a0 de Estado de Alarma en el territorio nacional, la ATE ha desarrollado un protocolo de actuaci\u00f3n en el transporte regular p\u00fablico de viajeros.","breadcrumb":{"@id":"https:\/\/www.autobuseslaunion.com\/protocolo-de-actuacion-de-la-ate-en-el-transporte-regular-publico-de-viajeros\/#breadcrumb"},"inLanguage":"eu-ES","potentialAction":[{"@type":"ReadAction","target":["https:\/\/www.autobuseslaunion.com\/protocolo-de-actuacion-de-la-ate-en-el-transporte-regular-publico-de-viajeros\/"]}]},{"@type":"ImageObject","inLanguage":"eu-ES","@id":"https:\/\/www.autobuseslaunion.com\/protocolo-de-actuacion-de-la-ate-en-el-transporte-regular-publico-de-viajeros\/#primaryimage","url":"https:\/\/www.autobuseslaunion.com\/wp-content\/uploads\/2019\/03\/Alquiler-autobuses.png","contentUrl":"https:\/\/www.autobuseslaunion.com\/wp-content\/uploads\/2019\/03\/Alquiler-autobuses.png","width":768,"height":513,"caption":"Autobusen alokairua"},{"@type":"BreadcrumbList","@id":"https:\/\/www.autobuseslaunion.com\/protocolo-de-actuacion-de-la-ate-en-el-transporte-regular-publico-de-viajeros\/#breadcrumb","itemListElement":[{"@type":"ListItem","position":1,"name":"Portada","item":"https:\/\/www.autobuseslaunion.com\/eu\/"},{"@type":"ListItem","position":2,"name":"Protocolo de actuaci\u00f3n de la ATE en el transporte regular p\u00fablico de viajeros."}]},{"@type":"WebSite","@id":"https:\/\/www.autobuseslaunion.com\/#website","url":"https:\/\/www.autobuseslaunion.com\/","name":"Autobuses la Uni\u00f3n","description":"","publisher":{"@id":"https:\/\/www.autobuseslaunion.com\/#organization"},"potentialAction":[{"@type":"SearchAction","target":{"@type":"EntryPoint","urlTemplate":"https:\/\/www.autobuseslaunion.com\/?s={search_term_string}"},"query-input":{"@type":"PropertyValueSpecification","valueRequired":true,"valueName":"search_term_string"}}],"inLanguage":"eu-ES"},{"@type":"Organization","@id":"https:\/\/www.autobuseslaunion.com\/#organization","name":"Autobuses la Uni\u00f3n","url":"https:\/\/www.autobuseslaunion.com\/","logo":{"@type":"ImageObject","inLanguage":"eu-ES","@id":"https:\/\/www.autobuseslaunion.com\/#\/schema\/logo\/image\/","url":"https:\/\/www.autobuseslaunion.com\/wp-content\/uploads\/2025\/04\/launion.png","contentUrl":"https:\/\/www.autobuseslaunion.com\/wp-content\/uploads\/2025\/04\/launion.png","width":717,"height":276,"caption":"Autobuses la Uni\u00f3n"},"image":{"@id":"https:\/\/www.autobuseslaunion.com\/#\/schema\/logo\/image\/"},"sameAs":["https:\/\/www.facebook.com\/AutobusesLaUnion","https:\/\/x.com\/BusesLaUnion","https:\/\/www.instagram.com\/autobuseslaunion\/"]},{"@type":"Person","@id":"https:\/\/www.autobuseslaunion.com\/#\/schema\/person\/0d1590cc36a42f1af1da67380483d22d","name":"Autobuses La Union","image":{"@type":"ImageObject","inLanguage":"eu-ES","@id":"https:\/\/secure.gravatar.com\/avatar\/c517605051e887a00082b7c20298984e3d369456fdd33ee81acb3c7514db8be7?s=96&d=mm&r=g","url":"https:\/\/secure.gravatar.com\/avatar\/c517605051e887a00082b7c20298984e3d369456fdd33ee81acb3c7514db8be7?s=96&d=mm&r=g","contentUrl":"https:\/\/secure.gravatar.com\/avatar\/c517605051e887a00082b7c20298984e3d369456fdd33ee81acb3c7514db8be7?s=96&d=mm&r=g","caption":"Autobuses La Union"},"url":"https:\/\/www.autobuseslaunion.com\/eu\/author\/admin_union\/"}]}},"_links":{"self":[{"href":"https:\/\/www.autobuseslaunion.com\/eu\/wp-json\/wp\/v2\/posts\/4374","targetHints":{"allow":["GET"]}}],"collection":[{"href":"https:\/\/www.autobuseslaunion.com\/eu\/wp-json\/wp\/v2\/posts"}],"about":[{"href":"https:\/\/www.autobuseslaunion.com\/eu\/wp-json\/wp\/v2\/types\/post"}],"author":[{"embeddable":true,"href":"https:\/\/www.autobuseslaunion.com\/eu\/wp-json\/wp\/v2\/users\/1"}],"replies":[{"embeddable":true,"href":"https:\/\/www.autobuseslaunion.com\/eu\/wp-json\/wp\/v2\/comments?post=4374"}],"version-history":[{"count":1,"href":"https:\/\/www.autobuseslaunion.com\/eu\/wp-json\/wp\/v2\/posts\/4374\/revisions"}],"predecessor-version":[{"id":4375,"href":"https:\/\/www.autobuseslaunion.com\/eu\/wp-json\/wp\/v2\/posts\/4374\/revisions\/4375"}],"wp:featuredmedia":[{"embeddable":true,"href":"https:\/\/www.autobuseslaunion.com\/eu\/wp-json\/wp\/v2\/media\/3514"}],"wp:attachment":[{"href":"https:\/\/www.autobuseslaunion.com\/eu\/wp-json\/wp\/v2\/media?parent=4374"}],"wp:term":[{"taxonomy":"category","embeddable":true,"href":"https:\/\/www.autobuseslaunion.com\/eu\/wp-json\/wp\/v2\/categories?post=4374"},{"taxonomy":"post_tag","embeddable":true,"href":"https:\/\/www.autobuseslaunion.com\/eu\/wp-json\/wp\/v2\/tags?post=4374"}],"curies":[{"name":"wp","href":"https:\/\/api.w.org\/{rel}","templated":true}]}}